{"id":1089,"date":"2018-09-20T11:13:29","date_gmt":"2018-09-20T11:13:29","guid":{"rendered":"https:\/\/mobfood.pt\/2a-reuniao-plenaria\/"},"modified":"2019-08-07T17:22:03","modified_gmt":"2019-08-07T17:22:03","slug":"2nd-plenary-meeting-coimbra-university","status":"publish","type":"post","link":"https:\/\/mobfood.pt\/en\/2nd-plenary-meeting-coimbra-university\/","title":{"rendered":"2nd Plenary Meeting @Coimbra University"},"content":{"rendered":"[vc_row type=&#8221;in_container&#8221; full_screen_row_position=&#8221;middle&#8221; scene_position=&#8221;center&#8221; text_color=&#8221;dark&#8221; text_align=&#8221;left&#8221; overlay_strength=&#8221;0.3&#8243; shape_divider_position=&#8221;bottom&#8221;][vc_column column_padding=&#8221;no-extra-padding&#8221; column_padding_position=&#8221;all&#8221; background_color_opacity=&#8221;1&#8243; background_hover_color_opacity=&#8221;1&#8243; column_shadow=&#8221;none&#8221; column_border_radius=&#8221;none&#8221; width=&#8221;1\/1&#8243; tablet_text_alignment=&#8221;default&#8221; phone_text_alignment=&#8221;default&#8221; column_border_width=&#8221;none&#8221; column_border_style=&#8221;solid&#8221;][vc_column_text]On September 19, 2018, the 2nd plenary meeting of the MobFood Project took place at the Science Museum of the University of Coimbra.<\/p>\n<p>This large mobilizing project has a 7M\u20ac budget and brings together <a href=\"https:\/\/mobfood.pt\/en\/consortium\/\">43 entities<\/a> around the promotion of new growth strategies based on technological innovation and R&amp;D capacity in the agrifood industry.[\/vc_column_text][\/vc_column][\/vc_row][vc_row type=&#8221;in_container&#8221; full_screen_row_position=&#8221;middle&#8221; scene_position=&#8221;center&#8221; text_color=&#8221;dark&#8221; text_align=&#8221;left&#8221; overlay_strength=&#8221;0.3&#8243; shape_divider_position=&#8221;bottom&#8221;][vc_column column_padding=&#8221;no-extra-padding&#8221; column_padding_position=&#8221;all&#8221; background_color_opacity=&#8221;1&#8243; background_hover_color_opacity=&#8221;1&#8243; column_shadow=&#8221;none&#8221; column_border_radius=&#8221;none&#8221; width=&#8221;1\/1&#8243; tablet_text_alignment=&#8221;default&#8221; phone_text_alignment=&#8221;default&#8221; column_border_width=&#8221;none&#8221; column_border_style=&#8221;solid&#8221;][vc_gallery type=&#8221;image_grid&#8221; images=&#8221;870,871,872&#8243; layout=&#8221;3&#8243; masonry_style=&#8221;true&#8221; gallery_style=&#8221;1&#8243; load_in_animation=&#8221;none&#8221;][\/vc_column][\/vc_row]\n","protected":false},"excerpt":{"rendered":"<p>On September 19, 2018, the 2nd plenary meeting of the MobFood Project took place at the Science Museum of the University of Coimbra.<\/p>\n","protected":false},"author":1,"featured_media":922,"comment_status":"closed","ping_status":"closed","sticky":false,"template":"","format":"standard","meta":[],"categories":[17],"tags":[],"acf":[],"yoast_head":"<!-- This site is optimized with the Yoast SEO plugin v18.4.1 - https:\/\/yoast.com\/wordpress\/plugins\/seo\/ -->\n<title>2nd Plenary Meeting @Coimbra University - Mobfood<\/title>\n<meta name=\"robots\" content=\"index, follow, max-snippet:-1, max-image-preview:large, max-video-preview:-1\" \/>\n<link rel=\"canonical\" href=\"https:\/\/mobfood.pt\/en\/2nd-plenary-meeting-coimbra-university\/\" \/>\n<meta property=\"og:locale\" content=\"en_US\" \/>\n<meta property=\"og:type\" content=\"article\" \/>\n<meta property=\"og:title\" content=\"2nd Plenary Meeting @Coimbra University - Mobfood\" \/>\n<meta property=\"og:description\" content=\"On September 19, 2018, the 2nd plenary meeting of the MobFood Project took place at the Science Museum of the University of Coimbra.\" \/>\n<meta property=\"og:url\" content=\"https:\/\/mobfood.pt\/en\/2nd-plenary-meeting-coimbra-university\/\" \/>\n<meta property=\"og:site_name\" content=\"Mobfood\" \/>\n<meta property=\"article:publisher\" content=\"https:\/\/pt-pt.facebook.com\/PortugalFoodsOficial\/\" \/>\n<meta property=\"article:published_time\" content=\"2018-09-20T11:13:29+00:00\" \/>\n<meta property=\"article:modified_time\" content=\"2019-08-07T17:22:03+00:00\" \/>\n<meta property=\"og:image\" content=\"https:\/\/mobfood.pt\/wp-content\/uploads\/2019\/04\/reuniao-1.jpg\" \/>\n\t<meta property=\"og:image:width\" content=\"1200\" \/>\n\t<meta property=\"og:image:height\" content=\"630\" \/>\n\t<meta property=\"og:image:type\" content=\"image\/jpeg\" \/>\n<meta name=\"twitter:card\" content=\"summary_large_image\" \/>\n<meta name=\"twitter:label1\" content=\"Written by\" \/>\n\t<meta name=\"twitter:data1\" content=\"brandit\" \/>\n\t<meta name=\"twitter:label2\" content=\"Est. reading time\" \/>\n\t<meta name=\"twitter:data2\" content=\"1 minute\" \/>\n<script type=\"application\/ld+json\" class=\"yoast-schema-graph\">{\"@context\":\"https:\/\/schema.org\",\"@graph\":[{\"@type\":\"Organization\",\"@id\":\"https:\/\/mobfood.pt\/#organization\",\"name\":\"MOBFOOD\",\"url\":\"https:\/\/mobfood.pt\/\",\"sameAs\":[\"https:\/\/pt-pt.facebook.com\/PortugalFoodsOficial\/\",\"https:\/\/pt.linkedin.com\/company\/portugalfoods\",\"https:\/\/www.youtube.com\/channel\/UC_sZ9czcow_hNdn9Ia5BhiA\"],\"logo\":{\"@type\":\"ImageObject\",\"@id\":\"https:\/\/mobfood.pt\/#logo\",\"inLanguage\":\"en-US\",\"url\":\"https:\/\/mobfood.pt\/wp-content\/uploads\/2018\/10\/mobfood-logo.png\",\"contentUrl\":\"https:\/\/mobfood.pt\/wp-content\/uploads\/2018\/10\/mobfood-logo.png\",\"width\":512,\"height\":512,\"caption\":\"MOBFOOD\"},\"image\":{\"@id\":\"https:\/\/mobfood.pt\/#logo\"}},{\"@type\":\"WebSite\",\"@id\":\"https:\/\/mobfood.pt\/#website\",\"url\":\"https:\/\/mobfood.pt\/\",\"name\":\"Mobfood\",\"description\":\"Mobiliza\u00e7\u00e3o do Conhecimento Cientifico e Tecnol\u00f3gico em resposta aos Desafios do Mercado Agroalimentar\",\"publisher\":{\"@id\":\"https:\/\/mobfood.pt\/#organization\"},\"potentialAction\":[{\"@type\":\"SearchAction\",\"target\":{\"@type\":\"EntryPoint\",\"urlTemplate\":\"https:\/\/mobfood.pt\/?s={search_term_string}\"},\"query-input\":\"required name=search_term_string\"}],\"inLanguage\":\"en-US\"},{\"@type\":\"ImageObject\",\"@id\":\"https:\/\/mobfood.pt\/en\/2nd-plenary-meeting-coimbra-university\/#primaryimage\",\"inLanguage\":\"en-US\",\"url\":\"https:\/\/mobfood.pt\/wp-content\/uploads\/2019\/04\/reuniao-1.jpg\",\"contentUrl\":\"https:\/\/mobfood.pt\/wp-content\/uploads\/2019\/04\/reuniao-1.jpg\",\"width\":1200,\"height\":630},{\"@type\":\"WebPage\",\"@id\":\"https:\/\/mobfood.pt\/en\/2nd-plenary-meeting-coimbra-university\/#webpage\",\"url\":\"https:\/\/mobfood.pt\/en\/2nd-plenary-meeting-coimbra-university\/\",\"name\":\"2nd Plenary Meeting @Coimbra University - Mobfood\",\"isPartOf\":{\"@id\":\"https:\/\/mobfood.pt\/#website\"},\"primaryImageOfPage\":{\"@id\":\"https:\/\/mobfood.pt\/en\/2nd-plenary-meeting-coimbra-university\/#primaryimage\"},\"datePublished\":\"2018-09-20T11:13:29+00:00\",\"dateModified\":\"2019-08-07T17:22:03+00:00\",\"breadcrumb\":{\"@id\":\"https:\/\/mobfood.pt\/en\/2nd-plenary-meeting-coimbra-university\/#breadcrumb\"},\"inLanguage\":\"en-US\",\"potentialAction\":[{\"@type\":\"ReadAction\",\"target\":[\"https:\/\/mobfood.pt\/en\/2nd-plenary-meeting-coimbra-university\/\"]}]},{\"@type\":\"BreadcrumbList\",\"@id\":\"https:\/\/mobfood.pt\/en\/2nd-plenary-meeting-coimbra-university\/#breadcrumb\",\"itemListElement\":[{\"@type\":\"ListItem\",\"position\":1,\"name\":\"In\u00edcio\",\"item\":\"https:\/\/mobfood.pt\/en\/\"},{\"@type\":\"ListItem\",\"position\":2,\"name\":\"2nd Plenary Meeting @Coimbra University\"}]},{\"@type\":\"Article\",\"@id\":\"https:\/\/mobfood.pt\/en\/2nd-plenary-meeting-coimbra-university\/#article\",\"isPartOf\":{\"@id\":\"https:\/\/mobfood.pt\/en\/2nd-plenary-meeting-coimbra-university\/#webpage\"},\"author\":{\"@id\":\"https:\/\/mobfood.pt\/#\/schema\/person\/9162a750e1151bc5e1c98413f5c35928\"},\"headline\":\"2nd Plenary Meeting @Coimbra University\",\"datePublished\":\"2018-09-20T11:13:29+00:00\",\"dateModified\":\"2019-08-07T17:22:03+00:00\",\"mainEntityOfPage\":{\"@id\":\"https:\/\/mobfood.pt\/en\/2nd-plenary-meeting-coimbra-university\/#webpage\"},\"wordCount\":218,\"publisher\":{\"@id\":\"https:\/\/mobfood.pt\/#organization\"},\"image\":{\"@id\":\"https:\/\/mobfood.pt\/en\/2nd-plenary-meeting-coimbra-university\/#primaryimage\"},\"thumbnailUrl\":\"https:\/\/mobfood.pt\/wp-content\/uploads\/2019\/04\/reuniao-1.jpg\",\"inLanguage\":\"en-US\"},{\"@type\":\"Person\",\"@id\":\"https:\/\/mobfood.pt\/#\/schema\/person\/9162a750e1151bc5e1c98413f5c35928\",\"name\":\"brandit\"}]}<\/script>\n<!-- \/ Yoast SEO plugin. -->","yoast_head_json":{"title":"2nd Plenary Meeting @Coimbra University - Mobfood","robots":{"index":"index","follow":"follow","max-snippet":"max-snippet:-1","max-image-preview":"max-image-preview:large","max-video-preview":"max-video-preview:-1"},"canonical":"https:\/\/mobfood.pt\/en\/2nd-plenary-meeting-coimbra-university\/","og_locale":"en_US","og_type":"article","og_title":"2nd Plenary Meeting @Coimbra University - Mobfood","og_description":"On September 19, 2018, the 2nd plenary meeting of the MobFood Project took place at the Science Museum of the University of Coimbra.","og_url":"https:\/\/mobfood.pt\/en\/2nd-plenary-meeting-coimbra-university\/","og_site_name":"Mobfood","article_publisher":"https:\/\/pt-pt.facebook.com\/PortugalFoodsOficial\/","article_published_time":"2018-09-20T11:13:29+00:00","article_modified_time":"2019-08-07T17:22:03+00:00","og_image":[{"width":1200,"height":630,"url":"https:\/\/mobfood.pt\/wp-content\/uploads\/2019\/04\/reuniao-1.jpg","type":"image\/jpeg"}],"twitter_card":"summary_large_image","twitter_misc":{"Written by":"brandit","Est. reading time":"1 minute"},"schema":{"@context":"https:\/\/schema.org","@graph":[{"@type":"Organization","@id":"https:\/\/mobfood.pt\/#organization","name":"MOBFOOD","url":"https:\/\/mobfood.pt\/","sameAs":["https:\/\/pt-pt.facebook.com\/PortugalFoodsOficial\/","https:\/\/pt.linkedin.com\/company\/portugalfoods","https:\/\/www.youtube.com\/channel\/UC_sZ9czcow_hNdn9Ia5BhiA"],"logo":{"@type":"ImageObject","@id":"https:\/\/mobfood.pt\/#logo","inLanguage":"en-US","url":"https:\/\/mobfood.pt\/wp-content\/uploads\/2018\/10\/mobfood-logo.png","contentUrl":"https:\/\/mobfood.pt\/wp-content\/uploads\/2018\/10\/mobfood-logo.png","width":512,"height":512,"caption":"MOBFOOD"},"image":{"@id":"https:\/\/mobfood.pt\/#logo"}},{"@type":"WebSite","@id":"https:\/\/mobfood.pt\/#website","url":"https:\/\/mobfood.pt\/","name":"Mobfood","description":"Mobiliza\u00e7\u00e3o do Conhecimento Cientifico e Tecnol\u00f3gico em resposta aos Desafios do Mercado Agroalimentar","publisher":{"@id":"https:\/\/mobfood.pt\/#organization"},"potentialAction":[{"@type":"SearchAction","target":{"@type":"EntryPoint","urlTemplate":"https:\/\/mobfood.pt\/?s={search_term_string}"},"query-input":"required name=search_term_string"}],"inLanguage":"en-US"},{"@type":"ImageObject","@id":"https:\/\/mobfood.pt\/en\/2nd-plenary-meeting-coimbra-university\/#primaryimage","inLanguage":"en-US","url":"https:\/\/mobfood.pt\/wp-content\/uploads\/2019\/04\/reuniao-1.jpg","contentUrl":"https:\/\/mobfood.pt\/wp-content\/uploads\/2019\/04\/reuniao-1.jpg","width":1200,"height":630},{"@type":"WebPage","@id":"https:\/\/mobfood.pt\/en\/2nd-plenary-meeting-coimbra-university\/#webpage","url":"https:\/\/mobfood.pt\/en\/2nd-plenary-meeting-coimbra-university\/","name":"2nd Plenary Meeting @Coimbra University - Mobfood","isPartOf":{"@id":"https:\/\/mobfood.pt\/#website"},"primaryImageOfPage":{"@id":"https:\/\/mobfood.pt\/en\/2nd-plenary-meeting-coimbra-university\/#primaryimage"},"datePublished":"2018-09-20T11:13:29+00:00","dateModified":"2019-08-07T17:22:03+00:00","breadcrumb":{"@id":"https:\/\/mobfood.pt\/en\/2nd-plenary-meeting-coimbra-university\/#breadcrumb"},"inLanguage":"en-US","potentialAction":[{"@type":"ReadAction","target":["https:\/\/mobfood.pt\/en\/2nd-plenary-meeting-coimbra-university\/"]}]},{"@type":"BreadcrumbList","@id":"https:\/\/mobfood.pt\/en\/2nd-plenary-meeting-coimbra-university\/#breadcrumb","itemListElement":[{"@type":"ListItem","position":1,"name":"In\u00edcio","item":"https:\/\/mobfood.pt\/en\/"},{"@type":"ListItem","position":2,"name":"2nd Plenary Meeting @Coimbra University"}]},{"@type":"Article","@id":"https:\/\/mobfood.pt\/en\/2nd-plenary-meeting-coimbra-university\/#article","isPartOf":{"@id":"https:\/\/mobfood.pt\/en\/2nd-plenary-meeting-coimbra-university\/#webpage"},"author":{"@id":"https:\/\/mobfood.pt\/#\/schema\/person\/9162a750e1151bc5e1c98413f5c35928"},"headline":"2nd Plenary Meeting @Coimbra University","datePublished":"2018-09-20T11:13:29+00:00","dateModified":"2019-08-07T17:22:03+00:00","mainEntityOfPage":{"@id":"https:\/\/mobfood.pt\/en\/2nd-plenary-meeting-coimbra-university\/#webpage"},"wordCount":218,"publisher":{"@id":"https:\/\/mobfood.pt\/#organization"},"image":{"@id":"https:\/\/mobfood.pt\/en\/2nd-plenary-meeting-coimbra-university\/#primaryimage"},"thumbnailUrl":"https:\/\/mobfood.pt\/wp-content\/uploads\/2019\/04\/reuniao-1.jpg","inLanguage":"en-US"},{"@type":"Person","@id":"https:\/\/mobfood.pt\/#\/schema\/person\/9162a750e1151bc5e1c98413f5c35928","name":"brandit"}]}},"_links":{"self":[{"href":"https:\/\/mobfood.pt\/en\/wp-json\/wp\/v2\/posts\/1089"}],"collection":[{"href":"https:\/\/mobfood.pt\/en\/wp-json\/wp\/v2\/posts"}],"about":[{"href":"https:\/\/mobfood.pt\/en\/wp-json\/wp\/v2\/types\/post"}],"author":[{"embeddable":true,"href":"https:\/\/mobfood.pt\/en\/wp-json\/wp\/v2\/users\/1"}],"replies":[{"embeddable":true,"href":"https:\/\/mobfood.pt\/en\/wp-json\/wp\/v2\/comments?post=1089"}],"version-history":[{"count":3,"href":"https:\/\/mobfood.pt\/en\/wp-json\/wp\/v2\/posts\/1089\/revisions"}],"predecessor-version":[{"id":1093,"href":"https:\/\/mobfood.pt\/en\/wp-json\/wp\/v2\/posts\/1089\/revisions\/1093"}],"wp:featuredmedia":[{"embeddable":true,"href":"https:\/\/mobfood.pt\/en\/wp-json\/wp\/v2\/media\/922"}],"wp:attachment":[{"href":"https:\/\/mobfood.pt\/en\/wp-json\/wp\/v2\/media?parent=1089"}],"wp:term":[{"taxonomy":"category","embeddable":true,"href":"https:\/\/mobfood.pt\/en\/wp-json\/wp\/v2\/categories?post=1089"},{"taxonomy":"post_tag","embeddable":true,"href":"https:\/\/mobfood.pt\/en\/wp-json\/wp\/v2\/tags?post=1089"}],"curies":[{"name":"wp","href":"https:\/\/api.w.org\/{rel}","templated":true}]}}